{"id":3443,"date":"2021-03-11T16:41:22","date_gmt":"2021-03-11T15:41:22","guid":{"rendered":"http:\/\/www3.borello-isoclair.com\/?p=3443"},"modified":"2021-03-24T15:47:26","modified_gmt":"2021-03-24T14:47:26","slug":"atelier-a2","status":"publish","type":"post","link":"http:\/\/www.borello-isoclair.com\/?p=3443","title":{"rendered":"Atelier 2"},"content":{"rendered":"\n\n[et_pb_section fb_built=\u00a0\u00bb1&Prime; _builder_version=\u00a0\u00bb4.8.1&Prime; _module_preset=\u00a0\u00bbdefault\u00a0\u00bb custom_padding=\u00a0\u00bb0px||0px|||\u00a0\u00bb][et_pb_row _builder_version=\u00a0\u00bb4.8.1&Prime; _module_preset=\u00a0\u00bbdefault\u00a0\u00bb custom_padding=\u00a0\u00bb1px||1px|||\u00a0\u00bb][et_pb_column type=\u00a0\u00bb4_4&Prime; _builder_version=\u00a0\u00bb4.8.1&Prime; _module_preset=\u00a0\u00bbdefault\u00a0\u00bb][et_pb_text _builder_version=\u00a0\u00bb4.8.1&Prime; _module_preset=\u00a0\u00bbdefault\u00a0\u00bb header_text_align=\u00a0\u00bbcenter\u00a0\u00bb header_6_font=\u00a0\u00bbBarlow Condensed|700||on|||||\u00a0\u00bb header_6_text_align=\u00a0\u00bbcenter\u00a0\u00bb header_6_font_size=\u00a0\u00bb27px\u00a0\u00bb hover_enabled=\u00a0\u00bb0&Prime; sticky_enabled=\u00a0\u00bb0&Prime; custom_margin=\u00a0\u00bb||26px|||\u00a0\u00bb]<h6>ATELIER 2<\/h6>[\/et_pb_text][et_pb_text _builder_version=\u00a0\u00bb4.8.1&Prime; _module_preset=\u00a0\u00bbdefault\u00a0\u00bb text_font=\u00a0\u00bbBarlow Condensed|300|||||||\u00a0\u00bb text_font_size=\u00a0\u00bb16px\u00a0\u00bb header_6_font=\u00a0\u00bbBarlow Condensed|600|||||||\u00a0\u00bb header_6_font_size=\u00a0\u00bb24px\u00a0\u00bb]<p>L&rsquo;agence d&rsquo;architecture ATELIER 2 a \u00e9t\u00e9 cr\u00e9\u00e9e en 1979 par Jean TERRIER, architecte DPLG, et Jean-Claude POUTISSOU, architecte DPLG urbaniste. Elle a \u00e9t\u00e9 reprise en 2019 par Caroline PLANES, architecte DPLG urbaniste, collaboratrice depuis 2005. L&rsquo;agence est aujourd\u2019hui constitu\u00e9e d\u2019une \u00e9quipe pluridisciplinaire intervenant dans les domaines de l\u2019architecture et de l\u2019urbanisme r\u00e9glementaire et op\u00e9rationnel.<\/p>[\/et_pb_text][\/et_pb_column][\/et_pb_row][et_pb_row _builder_version=\u00a0\u00bb4.8.1&Prime; _module_preset=\u00a0\u00bbdefault\u00a0\u00bb column_structure=\u00a0\u00bb1_2,1_2&Prime;][et_pb_column _builder_version=\u00a0\u00bb4.8.1&Prime; _module_preset=\u00a0\u00bbdefault\u00a0\u00bb type=\u00a0\u00bb1_2&Prime;][et_pb_text _builder_version=\u00a0\u00bb4.8.1&Prime; _module_preset=\u00a0\u00bbdefault\u00a0\u00bb text_font=\u00a0\u00bbBarlow Condensed|300|||||||\u00a0\u00bb text_font_size=\u00a0\u00bb16px\u00a0\u00bb header_6_font=\u00a0\u00bbBarlow Condensed|600|||||||\u00a0\u00bb header_6_font_size=\u00a0\u00bb24px\u00a0\u00bb hover_enabled=\u00a0\u00bb0&Prime; sticky_enabled=\u00a0\u00bb0&Prime;]<p><span style=\"font-size: large; color: #080708;\"><strong>MAS POUR AUTISTE \u00c0 COUBLEVIE<\/strong><\/span><br \/> Programme : H\u00e9bergement de 30 personnes et accueil de jour de 10 personnes<\/p>\n<p>Localisation : Coublevie<\/p>\n<p>R\u00e9alisation : 2016-2018<\/p>\n<p>Ma\u00eetre d&rsquo;ouvrage : priv\u00e9<\/p>\n<p>Surface : 2 445m\u00b2 SP<\/p>[\/et_pb_text][\/et_pb_column][et_pb_column _builder_version=\u00a0\u00bb4.8.1&Prime; _module_preset=\u00a0\u00bbdefault\u00a0\u00bb type=\u00a0\u00bb1_2&Prime;][et_pb_image src=\u00a0\u00bbhttp:\/\/www3.borello-isoclair.com\/wp-content\/uploads\/2021\/02\/AFG_autisme-copie.jpg\u00a0\u00bb alt=\u00a0\u00bbPhoto des fen\u00eatre du b\u00e2timent AFG autisme\u00a0\u00bb title_text=\u00a0\u00bbAFG_autisme copie\u00a0\u00bb align=\u00a0\u00bbcenter\u00a0\u00bb _builder_version=\u00a0\u00bb4.8.1&Prime; _module_preset=\u00a0\u00bbdefault\u00a0\u00bb custom_margin=\u00a0\u00bb23px|||||\u00a0\u00bb][\/et_pb_image][\/et_pb_column][\/et_pb_row][et_pb_row _builder_version=\u00a0\u00bb4.8.1&Prime; _module_preset=\u00a0\u00bbdefault\u00a0\u00bb custom_padding=\u00a0\u00bb0px||2px|||\u00a0\u00bb][et_pb_column _builder_version=\u00a0\u00bb4.8.1&Prime; _module_preset=\u00a0\u00bbdefault\u00a0\u00bb type=\u00a0\u00bb4_4&Prime;][et_pb_button button_text=\u00a0\u00bbAcc\u00e8s au site internet\u00a0\u00bb _builder_version=\u00a0\u00bb4.8.1&Prime; _module_preset=\u00a0\u00bbdefault\u00a0\u00bb hover_enabled=\u00a0\u00bb0&Prime; sticky_enabled=\u00a0\u00bb0&Prime; button_alignment=\u00a0\u00bbright\u00a0\u00bb custom_button=\u00a0\u00bbon\u00a0\u00bb button_bg_color=\u00a0\u00bb#ffdf5f\u00a0\u00bb button_bg_enable_color=\u00a0\u00bbon\u00a0\u00bb button_border_width=\u00a0\u00bb0px\u00a0\u00bb button_border_radius=\u00a0\u00bb79px\u00a0\u00bb button_font=\u00a0\u00bbBarlow Condensed|600||on|||||\u00a0\u00bb button_icon=\u00a0\u00bb%%28%%\u00a0\u00bb button_icon_color=\u00a0\u00bb#080708&Prime; button_text_color=\u00a0\u00bb#080708&Prime; button_url=\u00a0\u00bbhttp:\/\/www.atelier-2.fr\/\u00a0\u00bb][\/et_pb_button][\/et_pb_column][\/et_pb_row][\/et_pb_section]\n\n","protected":false},"excerpt":{"rendered":"","protected":false},"author":1,"featured_media":0,"comment_status":"open","ping_status":"open","sticky":false,"template":"","format":"standard","meta":{"_et_pb_use_builder":"on","_et_pb_old_content":"","_et_gb_content_width":""},"categories":[27],"tags":[],"yoast_head":"<!-- This site is optimized with the Yoast SEO plugin v16.0.2 - https:\/\/yoast.com\/wordpress\/plugins\/seo\/ -->\n<title>Atelier 2 - Borello Isoclair<\/title>\n<meta name=\"description\" content=\"Borello Isoclair travaille en collaboration avec de nombreux architectes dans la r\u00e9gion Rh\u00f4ne-Alpes dont Atelier 2 \u00e0 Crolles.\" \/>\n<link rel=\"canonical\" href=\"http:\/\/www.borello-isoclair.com\/?p=3443\" \/>\n<meta property=\"og:locale\" content=\"fr_FR\" \/>\n<meta property=\"og:type\" content=\"article\" \/>\n<meta property=\"og:title\" content=\"Atelier 2 - Borello Isoclair\" \/>\n<meta property=\"og:description\" content=\"Borello Isoclair travaille en collaboration avec de nombreux architectes dans la r\u00e9gion Rh\u00f4ne-Alpes dont Atelier 2 \u00e0 Crolles.\" \/>\n<meta property=\"og:url\" content=\"http:\/\/www.borello-isoclair.com\/?p=3443\" \/>\n<meta property=\"og:site_name\" content=\"Borello Isoclair\" \/>\n<meta property=\"article:published_time\" content=\"2021-03-11T15:41:22+00:00\" \/>\n<meta property=\"article:modified_time\" content=\"2021-03-24T14:47:26+00:00\" \/>\n<meta name=\"twitter:card\" content=\"summary_large_image\" \/>\n<meta name=\"twitter:label1\" content=\"Dur\u00e9e de lecture est.\">\n\t<meta name=\"twitter:data1\" content=\"1 minute\">\n<script type=\"application\/ld+json\" class=\"yoast-schema-graph\">{\"@context\":\"https:\/\/schema.org\",\"@graph\":[{\"@type\":\"Organization\",\"@id\":\"http:\/\/www.borello-isoclair.com\/#organization\",\"name\":\"Borello Isoclair\",\"url\":\"http:\/\/www.borello-isoclair.com\/\",\"sameAs\":[],\"logo\":{\"@type\":\"ImageObject\",\"@id\":\"http:\/\/www.borello-isoclair.com\/#logo\",\"inLanguage\":\"fr-FR\",\"url\":\"http:\/\/www.borello-isoclair.com\/wp-content\/uploads\/2021\/01\/logo-borello-isoclair-plein-blanc.png\",\"width\":426,\"height\":119,\"caption\":\"Borello Isoclair\"},\"image\":{\"@id\":\"http:\/\/www.borello-isoclair.com\/#logo\"}},{\"@type\":\"WebSite\",\"@id\":\"http:\/\/www.borello-isoclair.com\/#website\",\"url\":\"http:\/\/www.borello-isoclair.com\/\",\"name\":\"Borello Isoclair\",\"description\":\"Fabricant et installateur de menuiserie aluminium\",\"publisher\":{\"@id\":\"http:\/\/www.borello-isoclair.com\/#organization\"},\"potentialAction\":[{\"@type\":\"SearchAction\",\"target\":\"http:\/\/www.borello-isoclair.com\/?s={search_term_string}\",\"query-input\":\"required name=search_term_string\"}],\"inLanguage\":\"fr-FR\"},{\"@type\":\"WebPage\",\"@id\":\"http:\/\/www.borello-isoclair.com\/?p=3443#webpage\",\"url\":\"http:\/\/www.borello-isoclair.com\/?p=3443\",\"name\":\"Atelier 2 - Borello Isoclair\",\"isPartOf\":{\"@id\":\"http:\/\/www.borello-isoclair.com\/#website\"},\"datePublished\":\"2021-03-11T15:41:22+00:00\",\"dateModified\":\"2021-03-24T14:47:26+00:00\",\"description\":\"Borello Isoclair travaille en collaboration avec de nombreux architectes dans la r\\u00e9gion Rh\\u00f4ne-Alpes dont Atelier 2 \\u00e0 Crolles.\",\"breadcrumb\":{\"@id\":\"http:\/\/www.borello-isoclair.com\/?p=3443#breadcrumb\"},\"inLanguage\":\"fr-FR\",\"potentialAction\":[{\"@type\":\"ReadAction\",\"target\":[\"http:\/\/www.borello-isoclair.com\/?p=3443\"]}]},{\"@type\":\"BreadcrumbList\",\"@id\":\"http:\/\/www.borello-isoclair.com\/?p=3443#breadcrumb\",\"itemListElement\":[{\"@type\":\"ListItem\",\"position\":1,\"item\":{\"@type\":\"WebPage\",\"@id\":\"http:\/\/www.borello-isoclair.com\/\",\"url\":\"http:\/\/www.borello-isoclair.com\/\",\"name\":\"Accueil\"}},{\"@type\":\"ListItem\",\"position\":2,\"item\":{\"@type\":\"WebPage\",\"@id\":\"http:\/\/www.borello-isoclair.com\/?cat=27\",\"url\":\"http:\/\/www.borello-isoclair.com\/?cat=27\",\"name\":\"Architectes\"}},{\"@type\":\"ListItem\",\"position\":3,\"item\":{\"@type\":\"WebPage\",\"@id\":\"http:\/\/www.borello-isoclair.com\/?p=3443\",\"url\":\"http:\/\/www.borello-isoclair.com\/?p=3443\",\"name\":\"Atelier 2\"}}]},{\"@type\":\"Article\",\"@id\":\"http:\/\/www.borello-isoclair.com\/?p=3443#article\",\"isPartOf\":{\"@id\":\"http:\/\/www.borello-isoclair.com\/?p=3443#webpage\"},\"author\":{\"@id\":\"http:\/\/www.borello-isoclair.com\/#\/schema\/person\/526d8380ccff2be62d6654d84ffc55be\"},\"headline\":\"Atelier 2\",\"datePublished\":\"2021-03-11T15:41:22+00:00\",\"dateModified\":\"2021-03-24T14:47:26+00:00\",\"mainEntityOfPage\":{\"@id\":\"http:\/\/www.borello-isoclair.com\/?p=3443#webpage\"},\"commentCount\":0,\"publisher\":{\"@id\":\"http:\/\/www.borello-isoclair.com\/#organization\"},\"articleSection\":\"Architectes\",\"inLanguage\":\"fr-FR\",\"potentialAction\":[{\"@type\":\"CommentAction\",\"name\":\"Comment\",\"target\":[\"http:\/\/www.borello-isoclair.com\/?p=3443#respond\"]}]},{\"@type\":\"Person\",\"@id\":\"http:\/\/www.borello-isoclair.com\/#\/schema\/person\/526d8380ccff2be62d6654d84ffc55be\",\"name\":\"borello-julie-38\",\"image\":{\"@type\":\"ImageObject\",\"@id\":\"http:\/\/www.borello-isoclair.com\/#personlogo\",\"inLanguage\":\"fr-FR\",\"url\":\"http:\/\/2.gravatar.com\/avatar\/2537d60c16f827ceddab1c96f415e3fd?s=96&d=mm&r=g\",\"caption\":\"borello-julie-38\"},\"sameAs\":[\"http:\/\/www.borello-isoclair.com\"]}]}<\/script>\n<!-- \/ Yoast SEO plugin. -->","_links":{"self":[{"href":"http:\/\/www.borello-isoclair.com\/index.php?rest_route=\/wp\/v2\/posts\/3443"}],"collection":[{"href":"http:\/\/www.borello-isoclair.com\/index.php?rest_route=\/wp\/v2\/posts"}],"about":[{"href":"http:\/\/www.borello-isoclair.com\/index.php?rest_route=\/wp\/v2\/types\/post"}],"author":[{"embeddable":true,"href":"http:\/\/www.borello-isoclair.com\/index.php?rest_route=\/wp\/v2\/users\/1"}],"replies":[{"embeddable":true,"href":"http:\/\/www.borello-isoclair.com\/index.php?rest_route=%2Fwp%2Fv2%2Fcomments&post=3443"}],"version-history":[{"count":1,"href":"http:\/\/www.borello-isoclair.com\/index.php?rest_route=\/wp\/v2\/posts\/3443\/revisions"}],"predecessor-version":[{"id":4159,"href":"http:\/\/www.borello-isoclair.com\/index.php?rest_route=\/wp\/v2\/posts\/3443\/revisions\/4159"}],"wp:attachment":[{"href":"http:\/\/www.borello-isoclair.com\/index.php?rest_route=%2Fwp%2Fv2%2Fmedia&parent=3443"}],"wp:term":[{"taxonomy":"category","embeddable":true,"href":"http:\/\/www.borello-isoclair.com\/index.php?rest_route=%2Fwp%2Fv2%2Fcategories&post=3443"},{"taxonomy":"post_tag","embeddable":true,"href":"http:\/\/www.borello-isoclair.com\/index.php?rest_route=%2Fwp%2Fv2%2Ftags&post=3443"}],"curies":[{"name":"wp","href":"https:\/\/api.w.org\/{rel}","templated":true}]}}