{"id":3459,"date":"2021-03-12T09:53:12","date_gmt":"2021-03-12T08:53:12","guid":{"rendered":"http:\/\/www3.borello-isoclair.com\/?p=3459"},"modified":"2021-03-24T15:45:39","modified_gmt":"2021-03-24T14:45:39","slug":"ablok","status":"publish","type":"post","link":"http:\/\/www.borello-isoclair.com\/?p=3459","title":{"rendered":"Ablok"},"content":{"rendered":"\n\n[et_pb_section fb_built=\u00a0\u00bb1&Prime; _builder_version=\u00a0\u00bb4.8.1&Prime; _module_preset=\u00a0\u00bbdefault\u00a0\u00bb custom_padding=\u00a0\u00bb0px||0px|||\u00a0\u00bb][et_pb_row _builder_version=\u00a0\u00bb4.8.1&Prime; _module_preset=\u00a0\u00bbdefault\u00a0\u00bb custom_padding=\u00a0\u00bb1px||1px|||\u00a0\u00bb][et_pb_column type=\u00a0\u00bb4_4&Prime; _builder_version=\u00a0\u00bb4.8.1&Prime; _module_preset=\u00a0\u00bbdefault\u00a0\u00bb][et_pb_text _builder_version=\u00a0\u00bb4.8.1&Prime; _module_preset=\u00a0\u00bbdefault\u00a0\u00bb header_text_align=\u00a0\u00bbcenter\u00a0\u00bb header_6_font=\u00a0\u00bbBarlow Condensed|700||on|||||\u00a0\u00bb header_6_text_align=\u00a0\u00bbcenter\u00a0\u00bb header_6_font_size=\u00a0\u00bb27px\u00a0\u00bb custom_margin=\u00a0\u00bb||26px|||\u00a0\u00bb hover_enabled=\u00a0\u00bb0&Prime; sticky_enabled=\u00a0\u00bb0&Prime;]<h6>ABLOK<\/h6>[\/et_pb_text][et_pb_text _builder_version=\u00a0\u00bb4.8.1&Prime; _module_preset=\u00a0\u00bbdefault\u00a0\u00bb text_font=\u00a0\u00bbBarlow Condensed|300|||||||\u00a0\u00bb text_font_size=\u00a0\u00bb16px\u00a0\u00bb header_6_font=\u00a0\u00bbBarlow Condensed|600|||||||\u00a0\u00bb header_6_font_size=\u00a0\u00bb24px\u00a0\u00bb hover_enabled=\u00a0\u00bb0&Prime; sticky_enabled=\u00a0\u00bb0&Prime;]<p>Depuis 14 ans, l\u2019\u00e9quipe du cabinet AbloK Architectes d\u00e9veloppe ses comp\u00e9tences dans des domaines multiples, pour Ma\u00eetres d\u2019Ouvrages publics ou priv\u00e9s, dans la r\u00e9novation ou le neuf.\nNotre fonctionnement se fonde sur le travail en groupe et le savoir partag\u00e9 en s\u2019appuyant sur les exp\u00e9riences personnelles et les comp\u00e9tences de chacun pour d\u00e9velopper nos cr\u00e9ations et notre identit\u00e9 architecturale.\nL\u2019agence a suivi des formations sp\u00e9cifiques \u00e0 la r\u00e9glementation de s\u00e9curit\u00e9 incendie des ERP, \u00e0 l\u2019accessibilit\u00e9 handicap\u00e9s et \u00e0 la d\u00e9marche HQE.<\/p>[\/et_pb_text][\/et_pb_column][\/et_pb_row][et_pb_row column_structure=\u00a0\u00bb1_2,1_2&Prime; _builder_version=\u00a0\u00bb4.8.1&Prime; _module_preset=\u00a0\u00bbdefault\u00a0\u00bb][et_pb_column type=\u00a0\u00bb1_2&Prime; _builder_version=\u00a0\u00bb4.8.1&Prime; _module_preset=\u00a0\u00bbdefault\u00a0\u00bb][et_pb_text _builder_version=\u00a0\u00bb4.8.1&Prime; _module_preset=\u00a0\u00bbdefault\u00a0\u00bb text_font=\u00a0\u00bbBarlow Condensed|300|||||||\u00a0\u00bb text_font_size=\u00a0\u00bb16px\u00a0\u00bb header_6_font=\u00a0\u00bbBarlow Condensed|600|||||||\u00a0\u00bb header_6_font_size=\u00a0\u00bb24px\u00a0\u00bb hover_enabled=\u00a0\u00bb0&Prime; sticky_enabled=\u00a0\u00bb0&Prime;]<p><span style=\"font-size: large; color: #080708;\"><strong>SALLE MURE-RAVAUD, R\u00c9NOVATION<\/strong><\/span><br \/> Programme : Salle d&rsquo;activit\u00e9s sportives (judo, karat\u00e9, gym)<\/p>\n<p>Localisation : Corenc<\/p>\n<p>R\u00e9alisation : 2019<\/p>\n<p>Ma\u00eetre d&rsquo;ouvrage : Commune de Corenc<\/p>\n<p>Surface : 534m\u00b2\u00a0<\/p>[\/et_pb_text][\/et_pb_column][et_pb_column type=\u00a0\u00bb1_2&Prime; _builder_version=\u00a0\u00bb4.8.1&Prime; _module_preset=\u00a0\u00bbdefault\u00a0\u00bb][et_pb_image src=\u00a0\u00bbhttp:\/\/www3.borello-isoclair.com\/wp-content\/uploads\/2021\/03\/vue-1-apre\u0300s-travaux-1.jpeg\u00a0\u00bb alt=\u00a0\u00bbPhoto de salle Mure-Ravaud\u00a0\u00bb title_text=\u00a0\u00bbvue-1-apre\u0300s-travaux-1&Prime; align=\u00a0\u00bbcenter\u00a0\u00bb _builder_version=\u00a0\u00bb4.8.1&Prime; _module_preset=\u00a0\u00bbdefault\u00a0\u00bb custom_margin=\u00a0\u00bb23px|||||\u00a0\u00bb hover_enabled=\u00a0\u00bb0&Prime; sticky_enabled=\u00a0\u00bb0&Prime;][\/et_pb_image][\/et_pb_column][\/et_pb_row][et_pb_row _builder_version=\u00a0\u00bb4.8.1&Prime; _module_preset=\u00a0\u00bbdefault\u00a0\u00bb custom_padding=\u00a0\u00bb0px||2px|||\u00a0\u00bb][et_pb_column type=\u00a0\u00bb4_4&Prime; _builder_version=\u00a0\u00bb4.8.1&Prime; _module_preset=\u00a0\u00bbdefault\u00a0\u00bb][et_pb_button button_url=\u00a0\u00bbhttps:\/\/www.ablokarchitectes.com\/\u00a0\u00bb button_text=\u00a0\u00bbAcc\u00e8s au site internet\u00a0\u00bb button_alignment=\u00a0\u00bbright\u00a0\u00bb _builder_version=\u00a0\u00bb4.8.1&Prime; _module_preset=\u00a0\u00bbdefault\u00a0\u00bb custom_button=\u00a0\u00bbon\u00a0\u00bb button_text_color=\u00a0\u00bb#080708&Prime; button_bg_color=\u00a0\u00bb#ffdf5f\u00a0\u00bb button_border_width=\u00a0\u00bb0px\u00a0\u00bb button_border_radius=\u00a0\u00bb79px\u00a0\u00bb button_font=\u00a0\u00bbBarlow Condensed|600||on|||||\u00a0\u00bb button_icon=\u00a0\u00bb%%28%%\u00a0\u00bb button_icon_color=\u00a0\u00bb#080708&Prime; hover_enabled=\u00a0\u00bb0&Prime; sticky_enabled=\u00a0\u00bb0&Prime;][\/et_pb_button][\/et_pb_column][\/et_pb_row][\/et_pb_section]\n\n","protected":false},"excerpt":{"rendered":"","protected":false},"author":1,"featured_media":0,"comment_status":"open","ping_status":"open","sticky":false,"template":"","format":"standard","meta":{"_et_pb_use_builder":"on","_et_pb_old_content":"","_et_gb_content_width":""},"categories":[27],"tags":[],"yoast_head":"<!-- This site is optimized with the Yoast SEO plugin v16.0.2 - https:\/\/yoast.com\/wordpress\/plugins\/seo\/ -->\n<title>Ablok - Borello Isoclair<\/title>\n<meta name=\"description\" content=\"Borello Isoclair travaille en collaboration avec de nombreux architectes dans la r\u00e9gion Rh\u00f4ne-Alpes dont Ablok architectes \u00e0 Grenoble\" \/>\n<link rel=\"canonical\" href=\"http:\/\/www.borello-isoclair.com\/?p=3459\" \/>\n<meta property=\"og:locale\" content=\"fr_FR\" \/>\n<meta property=\"og:type\" content=\"article\" \/>\n<meta property=\"og:title\" content=\"Ablok - Borello Isoclair\" \/>\n<meta property=\"og:description\" content=\"Borello Isoclair travaille en collaboration avec de nombreux architectes dans la r\u00e9gion Rh\u00f4ne-Alpes dont Ablok architectes \u00e0 Grenoble\" \/>\n<meta property=\"og:url\" content=\"http:\/\/www.borello-isoclair.com\/?p=3459\" \/>\n<meta property=\"og:site_name\" content=\"Borello Isoclair\" \/>\n<meta property=\"article:published_time\" content=\"2021-03-12T08:53:12+00:00\" \/>\n<meta property=\"article:modified_time\" content=\"2021-03-24T14:45:39+00:00\" \/>\n<meta name=\"twitter:card\" content=\"summary_large_image\" \/>\n<meta name=\"twitter:label1\" content=\"Dur\u00e9e de lecture est.\">\n\t<meta name=\"twitter:data1\" content=\"1 minute\">\n<script type=\"application\/ld+json\" class=\"yoast-schema-graph\">{\"@context\":\"https:\/\/schema.org\",\"@graph\":[{\"@type\":\"Organization\",\"@id\":\"http:\/\/www.borello-isoclair.com\/#organization\",\"name\":\"Borello Isoclair\",\"url\":\"http:\/\/www.borello-isoclair.com\/\",\"sameAs\":[],\"logo\":{\"@type\":\"ImageObject\",\"@id\":\"http:\/\/www.borello-isoclair.com\/#logo\",\"inLanguage\":\"fr-FR\",\"url\":\"http:\/\/www.borello-isoclair.com\/wp-content\/uploads\/2021\/01\/logo-borello-isoclair-plein-blanc.png\",\"width\":426,\"height\":119,\"caption\":\"Borello Isoclair\"},\"image\":{\"@id\":\"http:\/\/www.borello-isoclair.com\/#logo\"}},{\"@type\":\"WebSite\",\"@id\":\"http:\/\/www.borello-isoclair.com\/#website\",\"url\":\"http:\/\/www.borello-isoclair.com\/\",\"name\":\"Borello Isoclair\",\"description\":\"Fabricant et installateur de menuiserie aluminium\",\"publisher\":{\"@id\":\"http:\/\/www.borello-isoclair.com\/#organization\"},\"potentialAction\":[{\"@type\":\"SearchAction\",\"target\":\"http:\/\/www.borello-isoclair.com\/?s={search_term_string}\",\"query-input\":\"required name=search_term_string\"}],\"inLanguage\":\"fr-FR\"},{\"@type\":\"WebPage\",\"@id\":\"http:\/\/www.borello-isoclair.com\/?p=3459#webpage\",\"url\":\"http:\/\/www.borello-isoclair.com\/?p=3459\",\"name\":\"Ablok - Borello Isoclair\",\"isPartOf\":{\"@id\":\"http:\/\/www.borello-isoclair.com\/#website\"},\"datePublished\":\"2021-03-12T08:53:12+00:00\",\"dateModified\":\"2021-03-24T14:45:39+00:00\",\"description\":\"Borello Isoclair travaille en collaboration avec de nombreux architectes dans la r\\u00e9gion Rh\\u00f4ne-Alpes dont Ablok architectes \\u00e0 Grenoble\",\"breadcrumb\":{\"@id\":\"http:\/\/www.borello-isoclair.com\/?p=3459#breadcrumb\"},\"inLanguage\":\"fr-FR\",\"potentialAction\":[{\"@type\":\"ReadAction\",\"target\":[\"http:\/\/www.borello-isoclair.com\/?p=3459\"]}]},{\"@type\":\"BreadcrumbList\",\"@id\":\"http:\/\/www.borello-isoclair.com\/?p=3459#breadcrumb\",\"itemListElement\":[{\"@type\":\"ListItem\",\"position\":1,\"item\":{\"@type\":\"WebPage\",\"@id\":\"http:\/\/www.borello-isoclair.com\/\",\"url\":\"http:\/\/www.borello-isoclair.com\/\",\"name\":\"Accueil\"}},{\"@type\":\"ListItem\",\"position\":2,\"item\":{\"@type\":\"WebPage\",\"@id\":\"http:\/\/www.borello-isoclair.com\/?cat=27\",\"url\":\"http:\/\/www.borello-isoclair.com\/?cat=27\",\"name\":\"Architectes\"}},{\"@type\":\"ListItem\",\"position\":3,\"item\":{\"@type\":\"WebPage\",\"@id\":\"http:\/\/www.borello-isoclair.com\/?p=3459\",\"url\":\"http:\/\/www.borello-isoclair.com\/?p=3459\",\"name\":\"Ablok\"}}]},{\"@type\":\"Article\",\"@id\":\"http:\/\/www.borello-isoclair.com\/?p=3459#article\",\"isPartOf\":{\"@id\":\"http:\/\/www.borello-isoclair.com\/?p=3459#webpage\"},\"author\":{\"@id\":\"http:\/\/www.borello-isoclair.com\/#\/schema\/person\/526d8380ccff2be62d6654d84ffc55be\"},\"headline\":\"Ablok\",\"datePublished\":\"2021-03-12T08:53:12+00:00\",\"dateModified\":\"2021-03-24T14:45:39+00:00\",\"mainEntityOfPage\":{\"@id\":\"http:\/\/www.borello-isoclair.com\/?p=3459#webpage\"},\"commentCount\":0,\"publisher\":{\"@id\":\"http:\/\/www.borello-isoclair.com\/#organization\"},\"articleSection\":\"Architectes\",\"inLanguage\":\"fr-FR\",\"potentialAction\":[{\"@type\":\"CommentAction\",\"name\":\"Comment\",\"target\":[\"http:\/\/www.borello-isoclair.com\/?p=3459#respond\"]}]},{\"@type\":\"Person\",\"@id\":\"http:\/\/www.borello-isoclair.com\/#\/schema\/person\/526d8380ccff2be62d6654d84ffc55be\",\"name\":\"borello-julie-38\",\"image\":{\"@type\":\"ImageObject\",\"@id\":\"http:\/\/www.borello-isoclair.com\/#personlogo\",\"inLanguage\":\"fr-FR\",\"url\":\"http:\/\/2.gravatar.com\/avatar\/2537d60c16f827ceddab1c96f415e3fd?s=96&d=mm&r=g\",\"caption\":\"borello-julie-38\"},\"sameAs\":[\"http:\/\/www.borello-isoclair.com\"]}]}<\/script>\n<!-- \/ Yoast SEO plugin. -->","_links":{"self":[{"href":"http:\/\/www.borello-isoclair.com\/index.php?rest_route=\/wp\/v2\/posts\/3459"}],"collection":[{"href":"http:\/\/www.borello-isoclair.com\/index.php?rest_route=\/wp\/v2\/posts"}],"about":[{"href":"http:\/\/www.borello-isoclair.com\/index.php?rest_route=\/wp\/v2\/types\/post"}],"author":[{"embeddable":true,"href":"http:\/\/www.borello-isoclair.com\/index.php?rest_route=\/wp\/v2\/users\/1"}],"replies":[{"embeddable":true,"href":"http:\/\/www.borello-isoclair.com\/index.php?rest_route=%2Fwp%2Fv2%2Fcomments&post=3459"}],"version-history":[{"count":1,"href":"http:\/\/www.borello-isoclair.com\/index.php?rest_route=\/wp\/v2\/posts\/3459\/revisions"}],"predecessor-version":[{"id":4158,"href":"http:\/\/www.borello-isoclair.com\/index.php?rest_route=\/wp\/v2\/posts\/3459\/revisions\/4158"}],"wp:attachment":[{"href":"http:\/\/www.borello-isoclair.com\/index.php?rest_route=%2Fwp%2Fv2%2Fmedia&parent=3459"}],"wp:term":[{"taxonomy":"category","embeddable":true,"href":"http:\/\/www.borello-isoclair.com\/index.php?rest_route=%2Fwp%2Fv2%2Fcategories&post=3459"},{"taxonomy":"post_tag","embeddable":true,"href":"http:\/\/www.borello-isoclair.com\/index.php?rest_route=%2Fwp%2Fv2%2Ftags&post=3459"}],"curies":[{"name":"wp","href":"https:\/\/api.w.org\/{rel}","templated":true}]}}