{"id":3539,"date":"2021-03-12T16:38:45","date_gmt":"2021-03-12T15:38:45","guid":{"rendered":"http:\/\/www3.borello-isoclair.com\/?p=3539"},"modified":"2021-03-24T15:42:25","modified_gmt":"2021-03-24T14:42:25","slug":"terrarcanne","status":"publish","type":"post","link":"http:\/\/www.borello-isoclair.com\/?p=3539","title":{"rendered":"Terrarcanne"},"content":{"rendered":"\n\n[et_pb_section fb_built=\u00a0\u00bb1&Prime; _builder_version=\u00a0\u00bb4.8.1&Prime; _module_preset=\u00a0\u00bbdefault\u00a0\u00bb custom_padding=\u00a0\u00bb0px||0px|||\u00a0\u00bb][et_pb_row _builder_version=\u00a0\u00bb4.8.1&Prime; _module_preset=\u00a0\u00bbdefault\u00a0\u00bb custom_padding=\u00a0\u00bb1px||1px|||\u00a0\u00bb][et_pb_column type=\u00a0\u00bb4_4&Prime; _builder_version=\u00a0\u00bb4.8.1&Prime; _module_preset=\u00a0\u00bbdefault\u00a0\u00bb][et_pb_text _builder_version=\u00a0\u00bb4.8.1&Prime; _module_preset=\u00a0\u00bbdefault\u00a0\u00bb header_text_align=\u00a0\u00bbcenter\u00a0\u00bb header_6_font=\u00a0\u00bbBarlow Condensed|700||on|||||\u00a0\u00bb header_6_text_align=\u00a0\u00bbcenter\u00a0\u00bb header_6_font_size=\u00a0\u00bb27px\u00a0\u00bb custom_margin=\u00a0\u00bb||26px|||\u00a0\u00bb]<h6>Terrarcanne<\/h6>[\/et_pb_text][et_pb_text _builder_version=\u00a0\u00bb4.8.1&Prime; _module_preset=\u00a0\u00bbdefault\u00a0\u00bb text_font=\u00a0\u00bbBarlow Condensed|300|||||||\u00a0\u00bb text_font_size=\u00a0\u00bb16px\u00a0\u00bb header_6_font=\u00a0\u00bbBarlow Condensed|600|||||||\u00a0\u00bb header_6_font_size=\u00a0\u00bb24px\u00a0\u00bb]<p>TERRARCANNE, soci\u00e9t\u00e9 \u00e0 responsabilit\u00e9 limit\u00e9e est active depuis 2 ans. Implant\u00e9e \u00e0 VILLEFONTAINE (38090), elle est sp\u00e9cialis\u00e9e dans le secteur des activit\u00e9s d&rsquo;architecture. Societe.com recense 1 \u00e9tablissement et le dernier \u00e9v\u00e9nement notable de cette entreprise date du 13-05-2019. Olivier HEBERT, est g\u00e9rant de la soci\u00e9t\u00e9 TERRARCANNE<\/p>[\/et_pb_text][\/et_pb_column][\/et_pb_row][et_pb_row column_structure=\u00a0\u00bb1_2,1_2&Prime; _builder_version=\u00a0\u00bb4.8.1&Prime; _module_preset=\u00a0\u00bbdefault\u00a0\u00bb][et_pb_column type=\u00a0\u00bb1_2&Prime; _builder_version=\u00a0\u00bb4.8.1&Prime; _module_preset=\u00a0\u00bbdefault\u00a0\u00bb][et_pb_text _builder_version=\u00a0\u00bb4.8.1&Prime; _module_preset=\u00a0\u00bbdefault\u00a0\u00bb text_font=\u00a0\u00bbBarlow Condensed|300|||||||\u00a0\u00bb text_font_size=\u00a0\u00bb16px\u00a0\u00bb header_6_font=\u00a0\u00bbBarlow Condensed|600|||||||\u00a0\u00bb header_6_font_size=\u00a0\u00bb24px\u00a0\u00bb hover_enabled=\u00a0\u00bb0&Prime; sticky_enabled=\u00a0\u00bb0&Prime;]<p><span style=\"font-size: large; color: #080708;\"><strong>MAIRIE LA BALME LES GROTTES, R\u00c9NOVATION<\/strong><\/span><br \/> Programme : R\u00e9novation de la mairie<\/p>\n<p>Localisation : La Balme les grottes<\/p>\n<p>R\u00e9alisation : 2019<\/p>\n<p>Ma\u00eetre d&rsquo;ouvrage : Mairie<\/p>[\/et_pb_text][\/et_pb_column][et_pb_column type=\u00a0\u00bb1_2&Prime; _builder_version=\u00a0\u00bb4.8.1&Prime; _module_preset=\u00a0\u00bbdefault\u00a0\u00bb][et_pb_image src=\u00a0\u00bbhttp:\/\/www3.borello-isoclair.com\/wp-content\/uploads\/2021\/03\/MairieLaBalmeLesGrottes.jpeg\u00a0\u00bb alt=\u00a0\u00bbMairie La Balme les Grottes\u00a0\u00bb title_text=\u00a0\u00bbMairieLaBalmeLesGrottes\u00a0\u00bb align=\u00a0\u00bbcenter\u00a0\u00bb _builder_version=\u00a0\u00bb4.8.1&Prime; _module_preset=\u00a0\u00bbdefault\u00a0\u00bb custom_margin=\u00a0\u00bb23px|||||\u00a0\u00bb hover_enabled=\u00a0\u00bb0&Prime; sticky_enabled=\u00a0\u00bb0&Prime;][\/et_pb_image][\/et_pb_column][\/et_pb_row][\/et_pb_section]\n\n","protected":false},"excerpt":{"rendered":"","protected":false},"author":1,"featured_media":0,"comment_status":"open","ping_status":"open","sticky":false,"template":"","format":"standard","meta":{"_et_pb_use_builder":"on","_et_pb_old_content":"","_et_gb_content_width":""},"categories":[27],"tags":[],"yoast_head":"<!-- This site is optimized with the Yoast SEO plugin v16.0.2 - https:\/\/yoast.com\/wordpress\/plugins\/seo\/ -->\n<title>Terrarcanne - Borello Isoclair<\/title>\n<meta name=\"description\" content=\"Borello Isoclair travaille en collaboration avec de nombreux architectes dans la r\u00e9gion Rh\u00f4ne-Alpes dont Terrarcanne \u00e0 Villefontaine\" \/>\n<link rel=\"canonical\" href=\"http:\/\/www.borello-isoclair.com\/?p=3539\" \/>\n<meta property=\"og:locale\" content=\"fr_FR\" \/>\n<meta property=\"og:type\" content=\"article\" \/>\n<meta property=\"og:title\" content=\"Terrarcanne - Borello Isoclair\" \/>\n<meta property=\"og:description\" content=\"Borello Isoclair travaille en collaboration avec de nombreux architectes dans la r\u00e9gion Rh\u00f4ne-Alpes dont Terrarcanne \u00e0 Villefontaine\" \/>\n<meta property=\"og:url\" content=\"http:\/\/www.borello-isoclair.com\/?p=3539\" \/>\n<meta property=\"og:site_name\" content=\"Borello Isoclair\" \/>\n<meta property=\"article:published_time\" content=\"2021-03-12T15:38:45+00:00\" \/>\n<meta property=\"article:modified_time\" content=\"2021-03-24T14:42:25+00:00\" \/>\n<meta name=\"twitter:card\" content=\"summary_large_image\" \/>\n<meta name=\"twitter:label1\" content=\"Dur\u00e9e de lecture est.\">\n\t<meta name=\"twitter:data1\" content=\"1 minute\">\n<script type=\"application\/ld+json\" class=\"yoast-schema-graph\">{\"@context\":\"https:\/\/schema.org\",\"@graph\":[{\"@type\":\"Organization\",\"@id\":\"http:\/\/www.borello-isoclair.com\/#organization\",\"name\":\"Borello Isoclair\",\"url\":\"http:\/\/www.borello-isoclair.com\/\",\"sameAs\":[],\"logo\":{\"@type\":\"ImageObject\",\"@id\":\"http:\/\/www.borello-isoclair.com\/#logo\",\"inLanguage\":\"fr-FR\",\"url\":\"http:\/\/www.borello-isoclair.com\/wp-content\/uploads\/2021\/01\/logo-borello-isoclair-plein-blanc.png\",\"width\":426,\"height\":119,\"caption\":\"Borello Isoclair\"},\"image\":{\"@id\":\"http:\/\/www.borello-isoclair.com\/#logo\"}},{\"@type\":\"WebSite\",\"@id\":\"http:\/\/www.borello-isoclair.com\/#website\",\"url\":\"http:\/\/www.borello-isoclair.com\/\",\"name\":\"Borello Isoclair\",\"description\":\"Fabricant et installateur de menuiserie aluminium\",\"publisher\":{\"@id\":\"http:\/\/www.borello-isoclair.com\/#organization\"},\"potentialAction\":[{\"@type\":\"SearchAction\",\"target\":\"http:\/\/www.borello-isoclair.com\/?s={search_term_string}\",\"query-input\":\"required name=search_term_string\"}],\"inLanguage\":\"fr-FR\"},{\"@type\":\"WebPage\",\"@id\":\"http:\/\/www.borello-isoclair.com\/?p=3539#webpage\",\"url\":\"http:\/\/www.borello-isoclair.com\/?p=3539\",\"name\":\"Terrarcanne - Borello Isoclair\",\"isPartOf\":{\"@id\":\"http:\/\/www.borello-isoclair.com\/#website\"},\"datePublished\":\"2021-03-12T15:38:45+00:00\",\"dateModified\":\"2021-03-24T14:42:25+00:00\",\"description\":\"Borello Isoclair travaille en collaboration avec de nombreux architectes dans la r\\u00e9gion Rh\\u00f4ne-Alpes dont Terrarcanne \\u00e0 Villefontaine\",\"breadcrumb\":{\"@id\":\"http:\/\/www.borello-isoclair.com\/?p=3539#breadcrumb\"},\"inLanguage\":\"fr-FR\",\"potentialAction\":[{\"@type\":\"ReadAction\",\"target\":[\"http:\/\/www.borello-isoclair.com\/?p=3539\"]}]},{\"@type\":\"BreadcrumbList\",\"@id\":\"http:\/\/www.borello-isoclair.com\/?p=3539#breadcrumb\",\"itemListElement\":[{\"@type\":\"ListItem\",\"position\":1,\"item\":{\"@type\":\"WebPage\",\"@id\":\"http:\/\/www.borello-isoclair.com\/\",\"url\":\"http:\/\/www.borello-isoclair.com\/\",\"name\":\"Accueil\"}},{\"@type\":\"ListItem\",\"position\":2,\"item\":{\"@type\":\"WebPage\",\"@id\":\"http:\/\/www.borello-isoclair.com\/?cat=27\",\"url\":\"http:\/\/www.borello-isoclair.com\/?cat=27\",\"name\":\"Architectes\"}},{\"@type\":\"ListItem\",\"position\":3,\"item\":{\"@type\":\"WebPage\",\"@id\":\"http:\/\/www.borello-isoclair.com\/?p=3539\",\"url\":\"http:\/\/www.borello-isoclair.com\/?p=3539\",\"name\":\"Terrarcanne\"}}]},{\"@type\":\"Article\",\"@id\":\"http:\/\/www.borello-isoclair.com\/?p=3539#article\",\"isPartOf\":{\"@id\":\"http:\/\/www.borello-isoclair.com\/?p=3539#webpage\"},\"author\":{\"@id\":\"http:\/\/www.borello-isoclair.com\/#\/schema\/person\/526d8380ccff2be62d6654d84ffc55be\"},\"headline\":\"Terrarcanne\",\"datePublished\":\"2021-03-12T15:38:45+00:00\",\"dateModified\":\"2021-03-24T14:42:25+00:00\",\"mainEntityOfPage\":{\"@id\":\"http:\/\/www.borello-isoclair.com\/?p=3539#webpage\"},\"commentCount\":0,\"publisher\":{\"@id\":\"http:\/\/www.borello-isoclair.com\/#organization\"},\"articleSection\":\"Architectes\",\"inLanguage\":\"fr-FR\",\"potentialAction\":[{\"@type\":\"CommentAction\",\"name\":\"Comment\",\"target\":[\"http:\/\/www.borello-isoclair.com\/?p=3539#respond\"]}]},{\"@type\":\"Person\",\"@id\":\"http:\/\/www.borello-isoclair.com\/#\/schema\/person\/526d8380ccff2be62d6654d84ffc55be\",\"name\":\"borello-julie-38\",\"image\":{\"@type\":\"ImageObject\",\"@id\":\"http:\/\/www.borello-isoclair.com\/#personlogo\",\"inLanguage\":\"fr-FR\",\"url\":\"http:\/\/2.gravatar.com\/avatar\/2537d60c16f827ceddab1c96f415e3fd?s=96&d=mm&r=g\",\"caption\":\"borello-julie-38\"},\"sameAs\":[\"http:\/\/www.borello-isoclair.com\"]}]}<\/script>\n<!-- \/ Yoast SEO plugin. -->","_links":{"self":[{"href":"http:\/\/www.borello-isoclair.com\/index.php?rest_route=\/wp\/v2\/posts\/3539"}],"collection":[{"href":"http:\/\/www.borello-isoclair.com\/index.php?rest_route=\/wp\/v2\/posts"}],"about":[{"href":"http:\/\/www.borello-isoclair.com\/index.php?rest_route=\/wp\/v2\/types\/post"}],"author":[{"embeddable":true,"href":"http:\/\/www.borello-isoclair.com\/index.php?rest_route=\/wp\/v2\/users\/1"}],"replies":[{"embeddable":true,"href":"http:\/\/www.borello-isoclair.com\/index.php?rest_route=%2Fwp%2Fv2%2Fcomments&post=3539"}],"version-history":[{"count":1,"href":"http:\/\/www.borello-isoclair.com\/index.php?rest_route=\/wp\/v2\/posts\/3539\/revisions"}],"predecessor-version":[{"id":4148,"href":"http:\/\/www.borello-isoclair.com\/index.php?rest_route=\/wp\/v2\/posts\/3539\/revisions\/4148"}],"wp:attachment":[{"href":"http:\/\/www.borello-isoclair.com\/index.php?rest_route=%2Fwp%2Fv2%2Fmedia&parent=3539"}],"wp:term":[{"taxonomy":"category","embeddable":true,"href":"http:\/\/www.borello-isoclair.com\/index.php?rest_route=%2Fwp%2Fv2%2Fcategories&post=3539"},{"taxonomy":"post_tag","embeddable":true,"href":"http:\/\/www.borello-isoclair.com\/index.php?rest_route=%2Fwp%2Fv2%2Ftags&post=3539"}],"curies":[{"name":"wp","href":"https:\/\/api.w.org\/{rel}","templated":true}]}}