{"id":4743,"date":"2021-04-29T10:05:07","date_gmt":"2021-04-29T08:05:07","guid":{"rendered":"http:\/\/www.borello-isoclair.com\/?p=4743"},"modified":"2021-04-29T10:21:11","modified_gmt":"2021-04-29T08:21:11","slug":"actu-pergola","status":"publish","type":"post","link":"http:\/\/www.borello-isoclair.com\/?p=4743","title":{"rendered":"Actu Isoclair pergola"},"content":{"rendered":"<p>[et_pb_section fb_built=\u00a0\u00bb1&Prime; _builder_version=\u00a0\u00bb4.8.1&Prime; _module_preset=\u00a0\u00bbdefault\u00a0\u00bb custom_padding=\u00a0\u00bb0px||0px|||\u00a0\u00bb][et_pb_row column_structure=\u00a0\u00bb1_2,1_2&Prime; _builder_version=\u00a0\u00bb4.8.1&Prime; _module_preset=\u00a0\u00bbdefault\u00a0\u00bb][et_pb_column type=\u00a0\u00bb1_2&Prime; _builder_version=\u00a0\u00bb4.8.1&Prime; _module_preset=\u00a0\u00bbdefault\u00a0\u00bb][et_pb_text _builder_version=\u00a0\u00bb4.8.1&Prime; _module_preset=\u00a0\u00bbdefault\u00a0\u00bb header_6_font=\u00a0\u00bbBarlow Condensed|700||on|||||\u00a0\u00bb header_6_font_size=\u00a0\u00bb27px\u00a0\u00bb hover_enabled=\u00a0\u00bb0&Prime; sticky_enabled=\u00a0\u00bb0&Prime;]<\/p>\n<h6>La pergola, un espace de vie multi-saisons<\/h6>\n<p>[\/et_pb_text][et_pb_text _builder_version=\u00a0\u00bb4.8.1&Prime; _module_preset=\u00a0\u00bbdefault\u00a0\u00bb text_font=\u00a0\u00bbBarlow Condensed|300|||||||\u00a0\u00bb text_font_size=\u00a0\u00bb16px\u00a0\u00bb header_6_font=\u00a0\u00bbBarlow Condensed|600|||||||\u00a0\u00bb header_6_font_size=\u00a0\u00bb24px\u00a0\u00bb hover_enabled=\u00a0\u00bb0&Prime; sticky_enabled=\u00a0\u00bb0&Prime;]<\/p>\n<p>La pergola est la parfaite entente entre la v\u00e9randa et le brise soleil. En effet, elle ouvre un nouvel espace \u00e0 vivre sur votre ext\u00e9rieur, gr\u00e2ce \u00e0 ses lames orientables. Vous pouvez profiter plus longtemps de votre jardin ou terrasse avec cet abri,quelque soit la m\u00e9t\u00e9o. Pour profiter de votre ext\u00e9rieur comme de votre int\u00e9rieur, contactez-nous.<\/p>\n<p>[\/et_pb_text][\/et_pb_column][et_pb_column type=\u00a0\u00bb1_2&Prime; _builder_version=\u00a0\u00bb4.8.1&Prime; _module_preset=\u00a0\u00bbdefault\u00a0\u00bb][et_pb_image src=\u00a0\u00bbhttp:\/\/www.borello-isoclair.com\/wp-content\/uploads\/2021\/02\/pergola_7.jpg\u00a0\u00bb alt=\u00a0\u00bbPhoto de pergola\u00a0\u00bb title_text=\u00a0\u00bbpergola_7&Prime; _builder_version=\u00a0\u00bb4.8.1&Prime; _module_preset=\u00a0\u00bbdefault\u00a0\u00bb custom_margin=\u00a0\u00bb70px|||||\u00a0\u00bb hover_enabled=\u00a0\u00bb0&Prime; sticky_enabled=\u00a0\u00bb0&Prime;][\/et_pb_image][\/et_pb_column][\/et_pb_row][\/et_pb_section]<\/p>\n","protected":false},"excerpt":{"rendered":"<p>[et_pb_section fb_built=\u00a0\u00bb1&Prime; _builder_version=\u00a0\u00bb4.8.1&Prime; _module_preset=\u00a0\u00bbdefault\u00a0\u00bb custom_padding=\u00a0\u00bb0px||0px|||\u00a0\u00bb][et_pb_row column_structure=\u00a0\u00bb1_2,1_2&Prime; _builder_version=\u00a0\u00bb4.8.1&Prime; _module_preset=\u00a0\u00bbdefault\u00a0\u00bb][et_pb_column type=\u00a0\u00bb1_2&Prime; _builder_version=\u00a0\u00bb4.8.1&Prime; _module_preset=\u00a0\u00bbdefault\u00a0\u00bb][et_pb_text _builder_version=\u00a0\u00bb4.8.1&Prime; _module_preset=\u00a0\u00bbdefault\u00a0\u00bb header_6_font=\u00a0\u00bbBarlow Condensed|700||on|||||\u00a0\u00bb header_6_font_size=\u00a0\u00bb27px\u00a0\u00bb hover_enabled=\u00a0\u00bb0&Prime; sticky_enabled=\u00a0\u00bb0&Prime;] La pergola, un espace de vie multi-saisons [\/et_pb_text][et_pb_text _builder_version=\u00a0\u00bb4.8.1&Prime; _module_preset=\u00a0\u00bbdefault\u00a0\u00bb text_font=\u00a0\u00bbBarlow Condensed|300|||||||\u00a0\u00bb text_font_size=\u00a0\u00bb16px\u00a0\u00bb header_6_font=\u00a0\u00bbBarlow Condensed|600|||||||\u00a0\u00bb header_6_font_size=\u00a0\u00bb24px\u00a0\u00bb hover_enabled=\u00a0\u00bb0&Prime; sticky_enabled=\u00a0\u00bb0&Prime;] La pergola est la parfaite entente entre la v\u00e9randa et le brise soleil. En effet, elle ouvre un nouvel [&hellip;]<\/p>\n","protected":false},"author":1,"featured_media":0,"comment_status":"open","ping_status":"open","sticky":false,"template":"","format":"standard","meta":{"_et_pb_use_builder":"on","_et_pb_old_content":"","_et_gb_content_width":""},"categories":[10],"tags":[],"yoast_head":"<!-- This site is optimized with the Yoast SEO plugin v16.0.2 - https:\/\/yoast.com\/wordpress\/plugins\/seo\/ -->\n<title>Actu Isoclair pergola - Borello Isoclair<\/title>\n<meta name=\"description\" content=\"Bas\u00e9e en Is\u00e8re, Borello Isoclair fabrique et installe des v\u00e9randas, des fen\u00eatres, des pergolas...\" \/>\n<link rel=\"canonical\" href=\"http:\/\/www.borello-isoclair.com\/?p=4743\" \/>\n<meta property=\"og:locale\" content=\"fr_FR\" \/>\n<meta property=\"og:type\" content=\"article\" \/>\n<meta property=\"og:title\" content=\"Actu Isoclair pergola - Borello Isoclair\" \/>\n<meta property=\"og:description\" content=\"Bas\u00e9e en Is\u00e8re, Borello Isoclair fabrique et installe des v\u00e9randas, des fen\u00eatres, des pergolas...\" \/>\n<meta property=\"og:url\" content=\"http:\/\/www.borello-isoclair.com\/?p=4743\" \/>\n<meta property=\"og:site_name\" content=\"Borello Isoclair\" \/>\n<meta property=\"article:published_time\" content=\"2021-04-29T08:05:07+00:00\" \/>\n<meta property=\"article:modified_time\" content=\"2021-04-29T08:21:11+00:00\" \/>\n<meta name=\"twitter:card\" content=\"summary_large_image\" \/>\n<script type=\"application\/ld+json\" class=\"yoast-schema-graph\">{\"@context\":\"https:\/\/schema.org\",\"@graph\":[{\"@type\":\"Organization\",\"@id\":\"http:\/\/www.borello-isoclair.com\/#organization\",\"name\":\"Borello Isoclair\",\"url\":\"http:\/\/www.borello-isoclair.com\/\",\"sameAs\":[],\"logo\":{\"@type\":\"ImageObject\",\"@id\":\"http:\/\/www.borello-isoclair.com\/#logo\",\"inLanguage\":\"fr-FR\",\"url\":\"http:\/\/www.borello-isoclair.com\/wp-content\/uploads\/2021\/01\/logo-borello-isoclair-plein-blanc.png\",\"width\":426,\"height\":119,\"caption\":\"Borello Isoclair\"},\"image\":{\"@id\":\"http:\/\/www.borello-isoclair.com\/#logo\"}},{\"@type\":\"WebSite\",\"@id\":\"http:\/\/www.borello-isoclair.com\/#website\",\"url\":\"http:\/\/www.borello-isoclair.com\/\",\"name\":\"Borello Isoclair\",\"description\":\"Fabricant et installateur de menuiserie aluminium\",\"publisher\":{\"@id\":\"http:\/\/www.borello-isoclair.com\/#organization\"},\"potentialAction\":[{\"@type\":\"SearchAction\",\"target\":\"http:\/\/www.borello-isoclair.com\/?s={search_term_string}\",\"query-input\":\"required name=search_term_string\"}],\"inLanguage\":\"fr-FR\"},{\"@type\":\"WebPage\",\"@id\":\"http:\/\/www.borello-isoclair.com\/?p=4743#webpage\",\"url\":\"http:\/\/www.borello-isoclair.com\/?p=4743\",\"name\":\"Actu Isoclair pergola - Borello Isoclair\",\"isPartOf\":{\"@id\":\"http:\/\/www.borello-isoclair.com\/#website\"},\"datePublished\":\"2021-04-29T08:05:07+00:00\",\"dateModified\":\"2021-04-29T08:21:11+00:00\",\"description\":\"Bas\\u00e9e en Is\\u00e8re, Borello Isoclair fabrique et installe des v\\u00e9randas, des fen\\u00eatres, des pergolas...\",\"breadcrumb\":{\"@id\":\"http:\/\/www.borello-isoclair.com\/?p=4743#breadcrumb\"},\"inLanguage\":\"fr-FR\",\"potentialAction\":[{\"@type\":\"ReadAction\",\"target\":[\"http:\/\/www.borello-isoclair.com\/?p=4743\"]}]},{\"@type\":\"BreadcrumbList\",\"@id\":\"http:\/\/www.borello-isoclair.com\/?p=4743#breadcrumb\",\"itemListElement\":[{\"@type\":\"ListItem\",\"position\":1,\"item\":{\"@type\":\"WebPage\",\"@id\":\"http:\/\/www.borello-isoclair.com\/\",\"url\":\"http:\/\/www.borello-isoclair.com\/\",\"name\":\"Accueil\"}},{\"@type\":\"ListItem\",\"position\":2,\"item\":{\"@type\":\"WebPage\",\"@id\":\"http:\/\/www.borello-isoclair.com\/?cat=10\",\"url\":\"http:\/\/www.borello-isoclair.com\/?cat=10\",\"name\":\"Les actus isoclair\"}},{\"@type\":\"ListItem\",\"position\":3,\"item\":{\"@type\":\"WebPage\",\"@id\":\"http:\/\/www.borello-isoclair.com\/?p=4743\",\"url\":\"http:\/\/www.borello-isoclair.com\/?p=4743\",\"name\":\"Actu Isoclair pergola\"}}]},{\"@type\":\"Article\",\"@id\":\"http:\/\/www.borello-isoclair.com\/?p=4743#article\",\"isPartOf\":{\"@id\":\"http:\/\/www.borello-isoclair.com\/?p=4743#webpage\"},\"author\":{\"@id\":\"http:\/\/www.borello-isoclair.com\/#\/schema\/person\/526d8380ccff2be62d6654d84ffc55be\"},\"headline\":\"Actu Isoclair pergola\",\"datePublished\":\"2021-04-29T08:05:07+00:00\",\"dateModified\":\"2021-04-29T08:21:11+00:00\",\"mainEntityOfPage\":{\"@id\":\"http:\/\/www.borello-isoclair.com\/?p=4743#webpage\"},\"commentCount\":0,\"publisher\":{\"@id\":\"http:\/\/www.borello-isoclair.com\/#organization\"},\"articleSection\":\"Les actus isoclair\",\"inLanguage\":\"fr-FR\",\"potentialAction\":[{\"@type\":\"CommentAction\",\"name\":\"Comment\",\"target\":[\"http:\/\/www.borello-isoclair.com\/?p=4743#respond\"]}]},{\"@type\":\"Person\",\"@id\":\"http:\/\/www.borello-isoclair.com\/#\/schema\/person\/526d8380ccff2be62d6654d84ffc55be\",\"name\":\"borello-julie-38\",\"image\":{\"@type\":\"ImageObject\",\"@id\":\"http:\/\/www.borello-isoclair.com\/#personlogo\",\"inLanguage\":\"fr-FR\",\"url\":\"http:\/\/2.gravatar.com\/avatar\/2537d60c16f827ceddab1c96f415e3fd?s=96&d=mm&r=g\",\"caption\":\"borello-julie-38\"},\"sameAs\":[\"http:\/\/www.borello-isoclair.com\"]}]}<\/script>\n<!-- \/ Yoast SEO plugin. -->","_links":{"self":[{"href":"http:\/\/www.borello-isoclair.com\/index.php?rest_route=\/wp\/v2\/posts\/4743"}],"collection":[{"href":"http:\/\/www.borello-isoclair.com\/index.php?rest_route=\/wp\/v2\/posts"}],"about":[{"href":"http:\/\/www.borello-isoclair.com\/index.php?rest_route=\/wp\/v2\/types\/post"}],"author":[{"embeddable":true,"href":"http:\/\/www.borello-isoclair.com\/index.php?rest_route=\/wp\/v2\/users\/1"}],"replies":[{"embeddable":true,"href":"http:\/\/www.borello-isoclair.com\/index.php?rest_route=%2Fwp%2Fv2%2Fcomments&post=4743"}],"version-history":[{"count":3,"href":"http:\/\/www.borello-isoclair.com\/index.php?rest_route=\/wp\/v2\/posts\/4743\/revisions"}],"predecessor-version":[{"id":4748,"href":"http:\/\/www.borello-isoclair.com\/index.php?rest_route=\/wp\/v2\/posts\/4743\/revisions\/4748"}],"wp:attachment":[{"href":"http:\/\/www.borello-isoclair.com\/index.php?rest_route=%2Fwp%2Fv2%2Fmedia&parent=4743"}],"wp:term":[{"taxonomy":"category","embeddable":true,"href":"http:\/\/www.borello-isoclair.com\/index.php?rest_route=%2Fwp%2Fv2%2Fcategories&post=4743"},{"taxonomy":"post_tag","embeddable":true,"href":"http:\/\/www.borello-isoclair.com\/index.php?rest_route=%2Fwp%2Fv2%2Ftags&post=4743"}],"curies":[{"name":"wp","href":"https:\/\/api.w.org\/{rel}","templated":true}]}}